{"id":2390,"date":"2023-07-19T14:53:00","date_gmt":"2023-07-19T14:53:00","guid":{"rendered":"https:\/\/www.assemblee-des-imaginaires.org\/?p=2390"},"modified":"2024-07-17T14:55:39","modified_gmt":"2024-07-17T14:55:39","slug":"ecovillage-resilient","status":"publish","type":"post","link":"https:\/\/www.assemblee-des-imaginaires.org\/en\/ecovillage-resilient\/","title":{"rendered":"Ecovillage r\u00e9silient"},"content":{"rendered":"<p>Texte collaboratif issu de l&rsquo;atelier au Mans le 10 juillet 2023<\/p>\n\n\n\n<p>Auteurs : V\u00e9ronique B-P, Ga\u00eblle E-B, H\u00e9l\u00e8ne S, Manuella A-C, Yann-Luca FB<\/p>\n\n\n\n<p>2050, c\u2019est l\u2019\u00e9t\u00e9, il est 15 heures.<\/p>\n\n\n\n<p>Carmin et Topaze se rendent chez leurs grands-parents. 25 km les s\u00e9parent de l\u2019\u00e9covillage dans lequel ils viennent d\u2019emm\u00e9nager. Pour les rejoindre, ils ont chauss\u00e9 leurs \u00ab&nbsp;air-shoes&nbsp;\u00bb qui recyclent l\u2019air et les propulsent vers leur destination en 1 heure.<\/p>\n\n\n\n<p>Ce lieu, qui a \u00e9t\u00e9 enti\u00e8rement r\u00e9habilit\u00e9 dans les ann\u00e9es 2030, ils ont plaisir \u00e0 le retrouver. Il inspire la s\u00e9r\u00e9nit\u00e9, la simplicit\u00e9, le calme, tout le monde se conna\u00eet et s\u2019entraide. Il n\u2019y a pas d\u2019\u00e9vocation du temps qui passe, c\u2019est la nature qui y rythme les journ\u00e9es. Elle a repris ses droits et est pr\u00e9sente sans contraintes. Le lieu est harmonieux, confortable et respectueux des besoins de chacun.<\/p>\n\n\n\n<p>Les grands-parents de Carmin et Topaze se sont vus proposer cette localisation suite \u00e0 leur demande de trouver un lieu qui h\u00e9berge plusieurs g\u00e9n\u00e9rations et cultures. L\u2019IA Urbanisme a bien jou\u00e9 son r\u00f4le&nbsp;! Depuis leur arriv\u00e9e, ils ont adopt\u00e9 de nouveaux r\u00e9flexes&nbsp;: faire moins mais mieux&nbsp;!<\/p>\n\n\n\n<p>A peine 24h apr\u00e8s leur arriv\u00e9e, Topaze tombe malade. Quelques analyses d\u00e9montrent le lien avec une contamination dans l&rsquo;eau de la communaut\u00e9. Apr\u00e8s enqu\u00eate, les preuves sont r\u00e9unies qu\u2019il s\u2019agit de l\u2019\u0153uvre d\u2019un climatosceptique qui a volontairement contamin\u00e9 l&rsquo;eau et l&rsquo;a revendiqu\u00e9.<\/p>\n\n\n\n<p>Les pr\u00e9l\u00e8vements indiquent qu\u2019il s\u2019agit d\u2019une mol\u00e9cule inconnue ici. Terreur dans l\u2019\u00e9covillage&nbsp;!<\/p>\n\n\n\n<p>L\u2019IA Sant\u00e9 va croiser et comparer les diff\u00e9rentes informations \u00e0 l\u2019aide des nombreuses bases de donn\u00e9es existantes qui recensent les cas similaires rencontr\u00e9s dans le pass\u00e9 par d\u2019autres communaut\u00e9s. L\u2019IA sant\u00e9 va avoir besoin de quelques jours pour traiter toutes les donn\u00e9es.<\/p>\n\n\n\n<p>Pendant ce temps, la communaut\u00e9 s\u2019adapte sans eau potable gr\u00e2ce \u00e0 sa r\u00e9serve d\u2019eau, estim\u00e9e \u00e0 5 jours d\u2019autonomie.<\/p>\n\n\n\n<p>D\u00e8s 3 jours, l\u2019IA Sant\u00e9 a pu d\u00e9terminer qu\u2019il existe une mol\u00e9cule qui peut faire office d\u2019antidote. Cette mol\u00e9cule, pr\u00e9sente sur une algue, permet de d\u00e9contaminer l\u2019eau. Des volontaires de l\u2019\u00e9covillage se mettent en route pour aller en r\u00e9colter, mais le temps et les r\u00e9serves d\u2019eau sont compt\u00e9s. Gr\u00e2ce \u00e0 son agilit\u00e9 et sa capacit\u00e9 \u00e0 utiliser pertinemment ses r\u00e9serves, la communaut\u00e9 est sauv\u00e9e par ces algues et son fonctionnement normal est retrouv\u00e9.&nbsp;<\/p>\n\n\n\n<p>Maiween @maiwenn<\/p>","protected":false},"excerpt":{"rendered":"<p>Texte collaboratif issu de l&rsquo;atelier au Mans le 10 juillet 2023 Auteurs : V\u00e9ronique B-P, Ga\u00eblle E-B, H\u00e9l\u00e8ne S, Manuella A-C, Yann-Luca FB 2050, c\u2019est l\u2019\u00e9t\u00e9, il est 15 heures. Carmin et Topaze se rendent chez leurs grands-parents. 25 km les s\u00e9parent de l\u2019\u00e9covillage dans lequel ils viennent d\u2019emm\u00e9nager. Pour les rejoindre, ils ont chauss\u00e9 [&hellip;]<\/p>\n","protected":false},"author":11,"featured_media":2391,"comment_status":"closed","ping_status":"closed","sticky":false,"template":"","format":"standard","meta":{"inline_featured_image":false,"footnotes":""},"categories":[1],"tags":[],"class_list":["post-2390","post","type-post","status-publish","format-standard","has-post-thumbnail","hentry","category-uncategorized"],"_links":{"self":[{"href":"https:\/\/www.assemblee-des-imaginaires.org\/en\/wp-json\/wp\/v2\/posts\/2390","targetHints":{"allow":["GET"]}}],"collection":[{"href":"https:\/\/www.assemblee-des-imaginaires.org\/en\/wp-json\/wp\/v2\/posts"}],"about":[{"href":"https:\/\/www.assemblee-des-imaginaires.org\/en\/wp-json\/wp\/v2\/types\/post"}],"author":[{"embeddable":true,"href":"https:\/\/www.assemblee-des-imaginaires.org\/en\/wp-json\/wp\/v2\/users\/11"}],"replies":[{"embeddable":true,"href":"https:\/\/www.assemblee-des-imaginaires.org\/en\/wp-json\/wp\/v2\/comments?post=2390"}],"version-history":[{"count":1,"href":"https:\/\/www.assemblee-des-imaginaires.org\/en\/wp-json\/wp\/v2\/posts\/2390\/revisions"}],"predecessor-version":[{"id":2392,"href":"https:\/\/www.assemblee-des-imaginaires.org\/en\/wp-json\/wp\/v2\/posts\/2390\/revisions\/2392"}],"wp:featuredmedia":[{"embeddable":true,"href":"https:\/\/www.assemblee-des-imaginaires.org\/en\/wp-json\/wp\/v2\/media\/2391"}],"wp:attachment":[{"href":"https:\/\/www.assemblee-des-imaginaires.org\/en\/wp-json\/wp\/v2\/media?parent=2390"}],"wp:term":[{"taxonomy":"category","embeddable":true,"href":"https:\/\/www.assemblee-des-imaginaires.org\/en\/wp-json\/wp\/v2\/categories?post=2390"},{"taxonomy":"post_tag","embeddable":true,"href":"https:\/\/www.assemblee-des-imaginaires.org\/en\/wp-json\/wp\/v2\/tags?post=2390"}],"curies":[{"name":"wp","href":"https:\/\/api.w.org\/{rel}","templated":true}]}}