{"id":2371,"date":"2023-09-05T14:28:00","date_gmt":"2023-09-05T14:28:00","guid":{"rendered":"https:\/\/www.assemblee-des-imaginaires.org\/?p=2371"},"modified":"2024-07-17T14:34:10","modified_gmt":"2024-07-17T14:34:10","slug":"le-temps-de-quelques-observations-mais-pas-plus","status":"publish","type":"post","link":"https:\/\/www.assemblee-des-imaginaires.org\/en\/le-temps-de-quelques-observations-mais-pas-plus\/","title":{"rendered":"Le temps de quelques observations (mais pas plus)"},"content":{"rendered":"<p>Je suis un grand positif en g\u00e9n\u00e9ral. Je remarque bien d&rsquo;avantage la partie \u00e0 moiti\u00e9 pleine du verre et j&rsquo;ai la plupart du temps la facult\u00e9 de trouver de l&rsquo;optimisme et de la joie dans toutes les situations \u00ab\u00a0sombres\u00a0\u00bb.<\/p>\n\n\n\n<p>Et pourtant j&rsquo;ai beaucoup de difficult\u00e9s \u00e0 trouver des sources de satisfaction dans ce confinement.<\/p>\n\n\n\n<p>Il est vrai que j&rsquo;ai, depuis longtemps, pris la d\u00e9cision de consacrer du temps \u00e0 ma famille, ainsi qu&rsquo;\u00e0 moi d&rsquo;ailleurs.<\/p>\n\n\n\n<p>Donc je n&rsquo;ai pas besoin de ce \u00ab\u00a0temps familial suppl\u00e9mentaire\u00a0\u00bb. Globalement, je n&rsquo;ai que rarement ressenti le besoin d&rsquo;avoir plus de temps disponible pour \u00eatre d&rsquo;avantage \u00e0 ma place en tant qu&rsquo;homme, mari et p\u00e8re de famille (mais je me trompe peut-\u00eatre).<\/p>\n\n\n\n<p>Par ailleurs j&rsquo;ai toujours privil\u00e9gi\u00e9 une c\u00e9sure nette entre ma vie professionnelle et ma vie personnelle : pas de home office, je ne travaille jamais \u00e0 la maison et quand je suis au travail j&rsquo;y suis \u00e0 100%. Ma vie \u00e9tait organis\u00e9e, aujourd&rsquo;hui elle est d&rsquo;avantage d\u00e9structur\u00e9e. Car tout se m\u00e9lange : travail, collaborateurs, enfants, \u00e9pouses et m\u00eame enseignants. J&rsquo;ai l&rsquo;impression d&rsquo;\u00eatre partout et nulle part. D&rsquo;\u00eatre moyen en tout.<\/p>\n\n\n\n<p>Vous l&rsquo;avez compris, je ne consid\u00e8re pas le confinement comme un cadeau, comme une parenth\u00e8se positive. Pourtant, j&rsquo;ai d\u00e9j\u00e0 envie de mettre en exergue trois \u00e9l\u00e9ments :<\/p>\n\n\n\n<p>1) Cette p\u00e9riode me montre quels sont mes manques actuels et, par effet miroir, ce qui me fait avancer. J&rsquo;aime les gens. Je me nourris de leur \u00e9nergie. J&rsquo;ai besoin du non verbal. J&rsquo;ai besoin de discussions et de sourires. Je veux des rires, des clins d\u2019\u0153il, des tapes amicales dans le dos. Et j&rsquo;en ai besoin \u00ab\u00a0en vrai\u00a0\u00bb : pas par mail, pas en visio. Tout ceci n&rsquo;est plus et me manque v\u00e9ritablement. C&rsquo;est nouveau finalement, c&rsquo;est une forme de r\u00e9v\u00e9lation. Cela m&rsquo;ouvre les yeux un peu plus sur moi m\u00eame (et c&rsquo;est bien le minium que ce foutu confinement me doit :-))<\/p>\n\n\n\n<p>2) J&rsquo;ai trois enfants (16, 14 et 10 ans). La fratrie se ressert, se soude. Progressivement, joyeusement et magnifiquement. Ils discutent ensemble plus que jamais et plaisantent entre eux. Ils red\u00e9couvrent les occupations simples : quelques passes de foot sur un coin d&rsquo;herbe (plus de city stade!) les comblent, les cache-cache et les batailles de Nerfs ressortent comme par magie, les d\u00eeners se prolongent un peu plus et se concluent par des invitations \u00ab\u00a0\u00e0 dormir dans la chambre de l&rsquo;autre\u00a0\u00bb.<\/p>\n\n\n\n<p>3) Le confinement en week-end me fait apprendre la \u00ab\u00a0slow life\u00a0\u00bb. Plus de bruit. Plus d&rsquo;obligations. C&rsquo;est d\u00e9licieux.<\/p>\n\n\n\n<p>Voil\u00e0 d\u00e9j\u00e0 trois bonne choses : ma nature positive m&rsquo;a rattrap\u00e9e.<\/p>\n\n\n\n<p>Bon confinement \u00e0 tous (mais le plus court possible :-))<\/p>\n\n\n\n<p><em>Par Thomas @ThomatoKetchup<\/em><\/p>","protected":false},"excerpt":{"rendered":"<p>Je suis un grand positif en g\u00e9n\u00e9ral. Je remarque bien d&rsquo;avantage la partie \u00e0 moiti\u00e9 pleine du verre et j&rsquo;ai la plupart du temps la facult\u00e9 de trouver de l&rsquo;optimisme et de la joie dans toutes les situations \u00ab\u00a0sombres\u00a0\u00bb. Et pourtant j&rsquo;ai beaucoup de difficult\u00e9s \u00e0 trouver des sources de satisfaction dans ce confinement. Il [&hellip;]<\/p>\n","protected":false},"author":12,"featured_media":0,"comment_status":"closed","ping_status":"closed","sticky":false,"template":"","format":"standard","meta":{"inline_featured_image":false,"footnotes":""},"categories":[1],"tags":[],"class_list":["post-2371","post","type-post","status-publish","format-standard","hentry","category-uncategorized"],"_links":{"self":[{"href":"https:\/\/www.assemblee-des-imaginaires.org\/en\/wp-json\/wp\/v2\/posts\/2371","targetHints":{"allow":["GET"]}}],"collection":[{"href":"https:\/\/www.assemblee-des-imaginaires.org\/en\/wp-json\/wp\/v2\/posts"}],"about":[{"href":"https:\/\/www.assemblee-des-imaginaires.org\/en\/wp-json\/wp\/v2\/types\/post"}],"author":[{"embeddable":true,"href":"https:\/\/www.assemblee-des-imaginaires.org\/en\/wp-json\/wp\/v2\/users\/12"}],"replies":[{"embeddable":true,"href":"https:\/\/www.assemblee-des-imaginaires.org\/en\/wp-json\/wp\/v2\/comments?post=2371"}],"version-history":[{"count":2,"href":"https:\/\/www.assemblee-des-imaginaires.org\/en\/wp-json\/wp\/v2\/posts\/2371\/revisions"}],"predecessor-version":[{"id":2374,"href":"https:\/\/www.assemblee-des-imaginaires.org\/en\/wp-json\/wp\/v2\/posts\/2371\/revisions\/2374"}],"wp:attachment":[{"href":"https:\/\/www.assemblee-des-imaginaires.org\/en\/wp-json\/wp\/v2\/media?parent=2371"}],"wp:term":[{"taxonomy":"category","embeddable":true,"href":"https:\/\/www.assemblee-des-imaginaires.org\/en\/wp-json\/wp\/v2\/categories?post=2371"},{"taxonomy":"post_tag","embeddable":true,"href":"https:\/\/www.assemblee-des-imaginaires.org\/en\/wp-json\/wp\/v2\/tags?post=2371"}],"curies":[{"name":"wp","href":"https:\/\/api.w.org\/{rel}","templated":true}]}}